{"id":4728,"date":"2023-05-15T16:47:00","date_gmt":"2023-05-15T14:47:00","guid":{"rendered":"https:\/\/leclosdelacorniere.com\/?p=4728"},"modified":"2023-05-23T12:18:54","modified_gmt":"2023-05-23T10:18:54","slug":"rendez-vous","status":"publish","type":"post","link":"https:\/\/leclosdelacorniere.com\/index.php\/2023\/05\/15\/rendez-vous\/","title":{"rendered":"Rendez-vous aux jardins 2023"},"content":{"rendered":"\t\t<div data-elementor-type=\"wp-post\" data-elementor-id=\"4728\" class=\"elementor elementor-4728\">\n\t\t\t\t\t\t<section class=\"elementor-section elementor-top-section elementor-element elementor-element-06394c7 elementor-section-boxed elementor-section-height-default elementor-section-height-default wpr-particle-no wpr-jarallax-no wpr-parallax-no wpr-sticky-section-no\" data-id=\"06394c7\" data-element_type=\"section\">\n\t\t\t\t\t\t<div class=\"elementor-container elementor-column-gap-default\">\n\t\t\t\t\t<div class=\"elementor-column elementor-col-100 elementor-top-column elementor-element elementor-element-984f5d1\" data-id=\"984f5d1\" data-element_type=\"column\">\n\t\t\t<div class=\"elementor-widget-wrap elementor-element-populated\">\n\t\t\t\t\t\t<div class=\"elementor-element elementor-element-5b76052 animated-slow elementor-invisible elementor-widget elementor-widget-heading\" data-id=\"5b76052\" data-element_type=\"widget\" data-settings=\"{&quot;_animation&quot;:&quot;fadeInUp&quot;}\" data-widget_type=\"heading.default\">\n\t\t\t\t<div class=\"elementor-widget-container\">\n\t\t\t\t\t<h1 class=\"elementor-heading-title elementor-size-default\">Rendez-Vous aux Jardins 2023<\/h1>\t\t\t\t<\/div>\n\t\t\t\t<\/div>\n\t\t\t\t\t<\/div>\n\t\t<\/div>\n\t\t\t\t\t<\/div>\n\t\t<\/section>\n\t\t\t\t<section class=\"elementor-section elementor-top-section elementor-element elementor-element-94e4059 elementor-section-boxed elementor-section-height-default elementor-section-height-default wpr-particle-no wpr-jarallax-no wpr-parallax-no wpr-sticky-section-no\" data-id=\"94e4059\" data-element_type=\"section\">\n\t\t\t\t\t\t<div class=\"elementor-container elementor-column-gap-default\">\n\t\t\t\t\t<div class=\"elementor-column elementor-col-100 elementor-top-column elementor-element elementor-element-90084bb\" data-id=\"90084bb\" data-element_type=\"column\">\n\t\t\t<div class=\"elementor-widget-wrap elementor-element-populated\">\n\t\t\t\t\t\t<div class=\"elementor-element elementor-element-7c9c480 animated-slow elementor-invisible elementor-widget elementor-widget-image\" data-id=\"7c9c480\" data-element_type=\"widget\" data-settings=\"{&quot;_animation&quot;:&quot;zoomIn&quot;,&quot;_animation_delay&quot;:200}\" data-widget_type=\"image.default\">\n\t\t\t\t<div class=\"elementor-widget-container\">\n\t\t\t\t\t\t\t\t\t\t\t\t\t\t\t<img fetchpriority=\"high\" decoding=\"async\" width=\"575\" height=\"301\" src=\"https:\/\/leclosdelacorniere.com\/wp-content\/uploads\/2023\/05\/event-RDVJ-min.jpg\" class=\"attachment-large size-large wp-image-5161\" alt=\"Les Rendez-vous aux jardins 2023\" srcset=\"https:\/\/leclosdelacorniere.com\/wp-content\/uploads\/2023\/05\/event-RDVJ-min.jpg 575w, https:\/\/leclosdelacorniere.com\/wp-content\/uploads\/2023\/05\/event-RDVJ-min-300x157.jpg 300w\" sizes=\"(max-width: 575px) 100vw, 575px\" \/>\t\t\t\t\t\t\t\t\t\t\t\t\t\t\t<\/div>\n\t\t\t\t<\/div>\n\t\t\t\t<div class=\"elementor-element elementor-element-259dbcf animated-slow elementor-invisible elementor-widget elementor-widget-text-editor\" data-id=\"259dbcf\" data-element_type=\"widget\" data-settings=\"{&quot;_animation&quot;:&quot;fadeInUp&quot;}\" data-widget_type=\"text-editor.default\">\n\t\t\t\t<div class=\"elementor-widget-container\">\n\t\t\t\t\t\t\t\t\t<p>Vous avez envie d&rsquo;un break ? Envie de vous \u00e9vader et de vous entourer de verdure ?<\/p><p>Alors, venez faire un tour chez nous lors des \u00ab\u00a0<a href=\"https:\/\/rendezvousauxjardins.culture.gouv.fr\/\" target=\"_blank\" rel=\"noopener\">Rendez-vous aux jardins<\/a>\u00a0\u00bb\u00a0<\/p><p>au Clos de la Corni\u00e8re les <b>2, 3 et 4 juin 2023<\/b>.<\/p>\t\t\t\t\t\t\t\t<\/div>\n\t\t\t\t<\/div>\n\t\t\t\t<div class=\"elementor-element elementor-element-840f340 animated-slow elementor-invisible elementor-widget elementor-widget-text-editor\" data-id=\"840f340\" data-element_type=\"widget\" data-settings=\"{&quot;_animation&quot;:&quot;fadeInUp&quot;}\" data-widget_type=\"text-editor.default\">\n\t\t\t\t<div class=\"elementor-widget-container\">\n\t\t\t\t\t\t\t\t\t<p>On a pr\u00e9par\u00e9 notre jardin avec amour pour que vous puissiez fl\u00e2ner entre les sentiers color\u00e9s et parfum\u00e9s. Si vous \u00eates un peu curieux, suivez les guides pour d\u00e9couvrir l&rsquo;histoire de notre jardin, ou prenez votre temps pour explorer \u00e0 votre rythme.<\/p><p>Et surtout, surtout, n&rsquo;oubliez pas votre appareil photo ! On a des coins tellement mignons que vous allez vouloir les immortaliser.<\/p>\t\t\t\t\t\t\t\t<\/div>\n\t\t\t\t<\/div>\n\t\t\t\t\t<\/div>\n\t\t<\/div>\n\t\t\t\t\t<\/div>\n\t\t<\/section>\n\t\t\t\t<section class=\"elementor-section elementor-top-section elementor-element elementor-element-7df8edb elementor-section-boxed elementor-section-height-default elementor-section-height-default wpr-particle-no wpr-jarallax-no wpr-parallax-no wpr-sticky-section-no\" data-id=\"7df8edb\" data-element_type=\"section\">\n\t\t\t\t\t\t<div class=\"elementor-container elementor-column-gap-default\">\n\t\t\t\t\t<div class=\"elementor-column elementor-col-100 elementor-top-column elementor-element elementor-element-4acb387\" data-id=\"4acb387\" data-element_type=\"column\">\n\t\t\t<div class=\"elementor-widget-wrap elementor-element-populated\">\n\t\t\t\t\t\t<div class=\"elementor-element elementor-element-19a4012 animated-slow elementor-invisible elementor-widget elementor-widget-text-editor\" data-id=\"19a4012\" data-element_type=\"widget\" data-settings=\"{&quot;_animation&quot;:&quot;fadeInUp&quot;}\" data-widget_type=\"text-editor.default\">\n\t\t\t\t<div class=\"elementor-widget-container\">\n\t\t\t\t\t\t\t\t\t<p>Venez faire le plein d&rsquo;air frais et de sourires, on a h\u00e2te de vous accueillir !<\/p><p><strong>Horaires d\u2019ouverture :<\/strong><br \/><strong>Vendredi 2 juin : de 10h00 \u00e0 19h00<\/strong><br \/><strong>Samedi 3 juin : de 9h00 \u00e0 19h00<\/strong><br \/><strong>Dimanche 4 juin : de 9h00 \u00e0 19h00<\/strong><\/p>\t\t\t\t\t\t\t\t<\/div>\n\t\t\t\t<\/div>\n\t\t\t\t<div class=\"elementor-element elementor-element-987618a animated-slow elementor-invisible elementor-widget elementor-widget-text-editor\" data-id=\"987618a\" data-element_type=\"widget\" data-settings=\"{&quot;_animation&quot;:&quot;fadeInUp&quot;}\" data-widget_type=\"text-editor.default\">\n\t\t\t\t<div class=\"elementor-widget-container\">\n\t\t\t\t\t\t\t\t\t<p>L&rsquo;\u00e9v\u00e9nement est gratuit, mais les dons sont les bienvenus !<\/p>\t\t\t\t\t\t\t\t<\/div>\n\t\t\t\t<\/div>\n\t\t\t\t\t<\/div>\n\t\t<\/div>\n\t\t\t\t\t<\/div>\n\t\t<\/section>\n\t\t\t\t<section class=\"elementor-section elementor-top-section elementor-element elementor-element-eb50903 elementor-section-boxed elementor-section-height-default elementor-section-height-default wpr-particle-no wpr-jarallax-no wpr-parallax-no wpr-sticky-section-no\" data-id=\"eb50903\" data-element_type=\"section\">\n\t\t\t\t\t\t<div class=\"elementor-container elementor-column-gap-default\">\n\t\t\t\t\t<div class=\"elementor-column elementor-col-100 elementor-top-column elementor-element elementor-element-8673d13\" data-id=\"8673d13\" data-element_type=\"column\">\n\t\t\t<div class=\"elementor-widget-wrap elementor-element-populated\">\n\t\t\t\t\t\t<div class=\"elementor-element elementor-element-3b4febb animated-slow elementor-invisible elementor-widget elementor-widget-heading\" data-id=\"3b4febb\" data-element_type=\"widget\" data-settings=\"{&quot;_animation&quot;:&quot;fadeInUp&quot;}\" data-widget_type=\"heading.default\">\n\t\t\t\t<div class=\"elementor-widget-container\">\n\t\t\t\t\t<h2 class=\"elementor-heading-title elementor-size-default\">Rendez-vous sur l'\u00e9v\u00e9nement <br>Facebook pour vous inscrire !<\/h2>\t\t\t\t<\/div>\n\t\t\t\t<\/div>\n\t\t\t\t<div class=\"elementor-element elementor-element-8db03a5 elementor-view-default elementor-invisible elementor-widget elementor-widget-icon\" data-id=\"8db03a5\" data-element_type=\"widget\" data-settings=\"{&quot;_animation&quot;:&quot;shake&quot;}\" data-widget_type=\"icon.default\">\n\t\t\t\t<div class=\"elementor-widget-container\">\n\t\t\t\t\t\t\t<div class=\"elementor-icon-wrapper\">\n\t\t\t<a class=\"elementor-icon elementor-animation-float\" href=\"https:\/\/www.facebook.com\/events\/694845329114275\/?acontext=%7B%22event_action_history%22%3A%5B%7B%22extra_data%22%3A%22%22%2C%22mechanism%22%3A%22surface%22%2C%22surface%22%3A%22groups_highlight_units%22%7D%2C%7B%22extra_data%22%3A%22%22%2C%22mechanism%22%3A%22surface%22%2C%22surface%22%3A%22permalink%22%7D%2C%7B%22extra_data%22%3A%22%22%2C%22mechanism%22%3A%22surface%22%2C%22surface%22%3A%22edit_dialog%22%7D%5D%2C%22ref_notif_type%22%3Anull%7D\" target=\"_blank\">\n\t\t\t<i aria-hidden=\"true\" class=\"fab fa-facebook\"><\/i>\t\t\t<\/a>\n\t\t<\/div>\n\t\t\t\t\t\t<\/div>\n\t\t\t\t<\/div>\n\t\t\t\t\t<\/div>\n\t\t<\/div>\n\t\t\t\t\t<\/div>\n\t\t<\/section>\n\t\t\t\t<section class=\"elementor-section elementor-top-section elementor-element elementor-element-0114327 elementor-section-boxed elementor-section-height-default elementor-section-height-default wpr-particle-no wpr-jarallax-no wpr-parallax-no wpr-sticky-section-no\" data-id=\"0114327\" data-element_type=\"section\">\n\t\t\t\t\t\t<div class=\"elementor-container elementor-column-gap-default\">\n\t\t\t\t\t<div class=\"elementor-column elementor-col-100 elementor-top-column elementor-element elementor-element-9d78667\" data-id=\"9d78667\" data-element_type=\"column\">\n\t\t\t<div class=\"elementor-widget-wrap elementor-element-populated\">\n\t\t\t\t\t\t<div class=\"elementor-element elementor-element-c2f0f8a animated-slow elementor-invisible elementor-widget elementor-widget-text-editor\" data-id=\"c2f0f8a\" data-element_type=\"widget\" data-settings=\"{&quot;_animation&quot;:&quot;fadeInUp&quot;}\" data-widget_type=\"text-editor.default\">\n\t\t\t\t<div class=\"elementor-widget-container\">\n\t\t\t\t\t\t\t\t\t<p><span style=\"font-size: 18px; color: var( --e-global-color-text );\">Nous avons h\u00e2te de vous accueillir et de partager avec vous notre passion.<\/span><\/p><p>\u00c0 bient\u00f4t au\u00a0<a href=\"https:\/\/www.google.com\/maps\/place\/le+clos+de+la+corni%C3%A8re\/@46.02755,5.2906771,17z\/data=!3m1!4b1!4m6!3m5!1s0x478b5529bda12485:0xa01734e82949b237!8m2!3d46.0275463!4d5.293252!16s%2Fg%2F11fcr8mx26\" target=\"_blank\" rel=\"noopener\">Clos de la Corni\u00e8re<\/a>\u00a0!<\/p>\t\t\t\t\t\t\t\t<\/div>\n\t\t\t\t<\/div>\n\t\t\t\t\t<\/div>\n\t\t<\/div>\n\t\t\t\t\t<\/div>\n\t\t<\/section>\n\t\t\t\t<section class=\"elementor-section elementor-top-section elementor-element elementor-element-cf7ddeb elementor-section-boxed elementor-section-height-default elementor-section-height-default wpr-particle-no wpr-jarallax-no wpr-parallax-no wpr-sticky-section-no\" data-id=\"cf7ddeb\" data-element_type=\"section\">\n\t\t\t\t\t\t<div class=\"elementor-container elementor-column-gap-default\">\n\t\t\t\t\t<div class=\"elementor-column elementor-col-100 elementor-top-column elementor-element elementor-element-0b7c0e1\" data-id=\"0b7c0e1\" data-element_type=\"column\">\n\t\t\t<div class=\"elementor-widget-wrap elementor-element-populated\">\n\t\t\t\t\t\t<div class=\"elementor-element elementor-element-548bd4c wpr-button-icon-style-inline wpr-button-icon-position-right elementor-invisible elementor-widget elementor-widget-wpr-button\" data-id=\"548bd4c\" data-element_type=\"widget\" data-settings=\"{&quot;_animation&quot;:&quot;swing&quot;,&quot;_animation_delay&quot;:300}\" data-widget_type=\"wpr-button.default\">\n\t\t\t\t<div class=\"elementor-widget-container\">\n\t\t\t\t\t\t\n\t\t\t\n\t\t\n\t\t<div class=\"wpr-button-wrap elementor-clearfix\">\n\t\t<a class=\"wpr-button wpr-button-effect wpr-button-bounce-to-right\" data-text=\"Go\" href=\"https:\/\/leclosdelacorniere.com\/index.php\/actualites\/news\/\">\n\t\t\t\n\t\t\t<span class=\"wpr-button-content\">\n\t\t\t\t\t\t\t\t\t<span class=\"wpr-button-text\">Voir tous les articles<\/span>\n\t\t\t\t\t\t\t\t\n\t\t\t\t\t\t\t\t\t<span class=\"wpr-button-icon\"><i class=\"fas fa-angle-right\"><\/i><\/span>\n\t\t\t\t\t\t\t<\/span>\n\t\t<\/a>\n\n\t\t\t\t<\/div>\n\t\n\t\n\t\t\t\t\t<\/div>\n\t\t\t\t<\/div>\n\t\t\t\t\t<\/div>\n\t\t<\/div>\n\t\t\t\t\t<\/div>\n\t\t<\/section>\n\t\t\t\t<section class=\"elementor-section elementor-top-section elementor-element elementor-element-18b0d7a elementor-section-boxed elementor-section-height-default elementor-section-height-default wpr-particle-no wpr-jarallax-no wpr-parallax-no wpr-sticky-section-no\" data-id=\"18b0d7a\" data-element_type=\"section\">\n\t\t\t\t\t\t<div class=\"elementor-container elementor-column-gap-default\">\n\t\t\t\t\t<div class=\"elementor-column elementor-col-100 elementor-top-column elementor-element elementor-element-958a91c\" data-id=\"958a91c\" data-element_type=\"column\">\n\t\t\t<div class=\"elementor-widget-wrap elementor-element-populated\">\n\t\t\t\t\t\t<div class=\"elementor-element elementor-element-3246a7b wpr-stt-btn-align-fixed wpr-stt-btn-align-fixed-right elementor-widget elementor-widget-wpr-back-to-top\" data-id=\"3246a7b\" data-element_type=\"widget\" data-widget_type=\"wpr-back-to-top.default\">\n\t\t\t\t<div class=\"elementor-widget-container\">\n\t\t\t\t\t<div class=\"wpr-stt-wrapper\"><div class='wpr-stt-btn' data-settings='{&quot;animation&quot;:&quot;fade&quot;,&quot;animationOffset&quot;:&quot;0&quot;,&quot;animationDuration&quot;:&quot;200&quot;,&quot;fixed&quot;:&quot;fixed&quot;,&quot;scrolAnim&quot;:&quot;800&quot;}'><span class=\"wpr-stt-icon\"><i class=\"fas fa-chevron-up\"><\/i><\/span><\/div><\/div>\t\t\t\t<\/div>\n\t\t\t\t<\/div>\n\t\t\t\t\t<\/div>\n\t\t<\/div>\n\t\t\t\t\t<\/div>\n\t\t<\/section>\n\t\t\t\t<\/div>\n\t\t","protected":false},"excerpt":{"rendered":"<p>Vous avez envie d&rsquo;un break ? Envie de vous \u00e9vader et de vous entourer de verdure ?<\/p>\n<p>Alors, venez faire un tour chez nous lors des \u00ab\u00a0Rendez-vous aux jardins\u00a0\u00bb <\/p>\n<p>au Clos de la Corni\u00e8re les 2, 3 et 4 juin 2023.<\/p>\n","protected":false},"author":1,"featured_media":5160,"comment_status":"closed","ping_status":"open","sticky":false,"template":"","format":"standard","meta":{"_eb_attr":"","ocean_post_layout":"","ocean_both_sidebars_style":"","ocean_both_sidebars_content_width":0,"ocean_both_sidebars_sidebars_width":0,"ocean_sidebar":"0","ocean_second_sidebar":"0","ocean_disable_margins":"enable","ocean_add_body_class":"","ocean_shortcode_before_top_bar":"","ocean_shortcode_after_top_bar":"","ocean_shortcode_before_header":"","ocean_shortcode_after_header":"","ocean_has_shortcode":"","ocean_shortcode_after_title":"","ocean_shortcode_before_footer_widgets":"","ocean_shortcode_after_footer_widgets":"","ocean_shortcode_before_footer_bottom":"","ocean_shortcode_after_footer_bottom":"","ocean_display_top_bar":"default","ocean_display_header":"default","ocean_header_style":"","ocean_center_header_left_menu":"0","ocean_custom_header_template":"0","ocean_custom_logo":0,"ocean_custom_retina_logo":0,"ocean_custom_logo_max_width":0,"ocean_custom_logo_tablet_max_width":0,"ocean_custom_logo_mobile_max_width":0,"ocean_custom_logo_max_height":0,"ocean_custom_logo_tablet_max_height":0,"ocean_custom_logo_mobile_max_height":0,"ocean_header_custom_menu":"0","ocean_menu_typo_font_family":"0","ocean_menu_typo_font_subset":"","ocean_menu_typo_font_size":0,"ocean_menu_typo_font_size_tablet":0,"ocean_menu_typo_font_size_mobile":0,"ocean_menu_typo_font_size_unit":"px","ocean_menu_typo_font_weight":"","ocean_menu_typo_font_weight_tablet":"","ocean_menu_typo_font_weight_mobile":"","ocean_menu_typo_transform":"","ocean_menu_typo_transform_tablet":"","ocean_menu_typo_transform_mobile":"","ocean_menu_typo_line_height":0,"ocean_menu_typo_line_height_tablet":0,"ocean_menu_typo_line_height_mobile":0,"ocean_menu_typo_line_height_unit":"","ocean_menu_typo_spacing":0,"ocean_menu_typo_spacing_tablet":0,"ocean_menu_typo_spacing_mobile":0,"ocean_menu_typo_spacing_unit":"","ocean_menu_link_color":"","ocean_menu_link_color_hover":"","ocean_menu_link_color_active":"","ocean_menu_link_background":"","ocean_menu_link_hover_background":"","ocean_menu_link_active_background":"","ocean_menu_social_links_bg":"","ocean_menu_social_hover_links_bg":"","ocean_menu_social_links_color":"","ocean_menu_social_hover_links_color":"","ocean_disable_title":"default","ocean_disable_heading":"default","ocean_post_title":"","ocean_post_subheading":"","ocean_post_title_style":"","ocean_post_title_background_color":"","ocean_post_title_background":0,"ocean_post_title_bg_image_position":"","ocean_post_title_bg_image_attachment":"","ocean_post_title_bg_image_repeat":"","ocean_post_title_bg_image_size":"","ocean_post_title_height":0,"ocean_post_title_bg_overlay":0.5,"ocean_post_title_bg_overlay_color":"","ocean_disable_breadcrumbs":"default","ocean_breadcrumbs_color":"","ocean_breadcrumbs_separator_color":"","ocean_breadcrumbs_links_color":"","ocean_breadcrumbs_links_hover_color":"","ocean_display_footer_widgets":"default","ocean_display_footer_bottom":"default","ocean_custom_footer_template":"0","ocean_post_oembed":"","ocean_post_self_hosted_media":"","ocean_post_video_embed":"","ocean_link_format":"","ocean_link_format_target":"self","ocean_quote_format":"","ocean_quote_format_link":"post","ocean_gallery_link_images":"off","ocean_gallery_id":[],"footnotes":""},"categories":[77],"tags":[79,78,80],"class_list":["post-4728","post","type-post","status-publish","format-standard","has-post-thumbnail","hentry","category-evenement","tag-evenement","tag-rendez-vous-aux-jardins","tag-week-end","entry","has-media"],"yoast_head":"<!-- This site is optimized with the Yoast SEO plugin v25.0 - https:\/\/yoast.com\/wordpress\/plugins\/seo\/ -->\n<title>Rendez-vous aux jardins 2023 - leclosdelacorniere.com<\/title>\n<meta name=\"description\" content=\"Cette ann\u00e9e encore, Le Clos de la Corni\u00e8re participe \u00e0 l&#039;\u00e9v\u00e9nement National : Les rendez-vous aux jardins les 2 - 3 - 4 juin 2023\" \/>\n<meta name=\"robots\" content=\"index, follow, max-snippet:-1, max-image-preview:large, max-video-preview:-1\" \/>\n<link rel=\"canonical\" href=\"https:\/\/leclosdelacorniere.com\/index.php\/2023\/05\/15\/rendez-vous\/\" \/>\n<meta property=\"og:locale\" content=\"fr_FR\" \/>\n<meta property=\"og:type\" content=\"article\" \/>\n<meta property=\"og:title\" content=\"Rendez-vous aux jardins 2023 - leclosdelacorniere.com\" \/>\n<meta property=\"og:description\" content=\"Cette ann\u00e9e encore, Le Clos de la Corni\u00e8re participe \u00e0 l&#039;\u00e9v\u00e9nement National : Les rendez-vous aux jardins les 2 - 3 - 4 juin 2023\" \/>\n<meta property=\"og:url\" content=\"https:\/\/leclosdelacorniere.com\/index.php\/2023\/05\/15\/rendez-vous\/\" \/>\n<meta property=\"og:site_name\" content=\"leclosdelacorniere.com\" \/>\n<meta property=\"article:publisher\" content=\"https:\/\/www.facebook.com\/profile.php?id=100091503150330\" \/>\n<meta property=\"article:published_time\" content=\"2023-05-15T14:47:00+00:00\" \/>\n<meta property=\"article:modified_time\" content=\"2023-05-23T10:18:54+00:00\" \/>\n<meta property=\"og:image\" content=\"https:\/\/leclosdelacorniere.com\/wp-content\/uploads\/2023\/05\/rendez-vous-au-jardin-min.jpg\" \/>\n\t<meta property=\"og:image:width\" content=\"575\" \/>\n\t<meta property=\"og:image:height\" content=\"213\" \/>\n\t<meta property=\"og:image:type\" content=\"image\/jpeg\" \/>\n<meta name=\"author\" content=\"Admin\" \/>\n<meta name=\"twitter:card\" content=\"summary_large_image\" \/>\n<meta name=\"twitter:label1\" content=\"\u00c9crit par\" \/>\n\t<meta name=\"twitter:data1\" content=\"Admin\" \/>\n\t<meta name=\"twitter:label2\" content=\"Dur\u00e9e de lecture estim\u00e9e\" \/>\n\t<meta name=\"twitter:data2\" content=\"2 minutes\" \/>\n<script type=\"application\/ld+json\" class=\"yoast-schema-graph\">{\"@context\":\"https:\/\/schema.org\",\"@graph\":[{\"@type\":\"Article\",\"@id\":\"https:\/\/leclosdelacorniere.com\/index.php\/2023\/05\/15\/rendez-vous\/#article\",\"isPartOf\":{\"@id\":\"https:\/\/leclosdelacorniere.com\/index.php\/2023\/05\/15\/rendez-vous\/\"},\"author\":{\"name\":\"Admin\",\"@id\":\"https:\/\/leclosdelacorniere.com\/#\/schema\/person\/e96df8cd23e22c063493e5901552bc8f\"},\"headline\":\"Rendez-vous aux jardins 2023\",\"datePublished\":\"2023-05-15T14:47:00+00:00\",\"dateModified\":\"2023-05-23T10:18:54+00:00\",\"mainEntityOfPage\":{\"@id\":\"https:\/\/leclosdelacorniere.com\/index.php\/2023\/05\/15\/rendez-vous\/\"},\"wordCount\":188,\"publisher\":{\"@id\":\"https:\/\/leclosdelacorniere.com\/#organization\"},\"image\":{\"@id\":\"https:\/\/leclosdelacorniere.com\/index.php\/2023\/05\/15\/rendez-vous\/#primaryimage\"},\"thumbnailUrl\":\"https:\/\/leclosdelacorniere.com\/wp-content\/uploads\/2023\/05\/rendez-vous-au-jardin-min.jpg\",\"keywords\":[\"\u00e9v\u00e9nement\",\"Rendez-vous aux jardins\",\"week-end\"],\"articleSection\":[\"\u00c9v\u00e9nement\"],\"inLanguage\":\"fr-FR\"},{\"@type\":\"WebPage\",\"@id\":\"https:\/\/leclosdelacorniere.com\/index.php\/2023\/05\/15\/rendez-vous\/\",\"url\":\"https:\/\/leclosdelacorniere.com\/index.php\/2023\/05\/15\/rendez-vous\/\",\"name\":\"Rendez-vous aux jardins 2023 - leclosdelacorniere.com\",\"isPartOf\":{\"@id\":\"https:\/\/leclosdelacorniere.com\/#website\"},\"primaryImageOfPage\":{\"@id\":\"https:\/\/leclosdelacorniere.com\/index.php\/2023\/05\/15\/rendez-vous\/#primaryimage\"},\"image\":{\"@id\":\"https:\/\/leclosdelacorniere.com\/index.php\/2023\/05\/15\/rendez-vous\/#primaryimage\"},\"thumbnailUrl\":\"https:\/\/leclosdelacorniere.com\/wp-content\/uploads\/2023\/05\/rendez-vous-au-jardin-min.jpg\",\"datePublished\":\"2023-05-15T14:47:00+00:00\",\"dateModified\":\"2023-05-23T10:18:54+00:00\",\"description\":\"Cette ann\u00e9e encore, Le Clos de la Corni\u00e8re participe \u00e0 l'\u00e9v\u00e9nement National : Les rendez-vous aux jardins les 2 - 3 - 4 juin 2023\",\"breadcrumb\":{\"@id\":\"https:\/\/leclosdelacorniere.com\/index.php\/2023\/05\/15\/rendez-vous\/#breadcrumb\"},\"inLanguage\":\"fr-FR\",\"potentialAction\":[{\"@type\":\"ReadAction\",\"target\":[\"https:\/\/leclosdelacorniere.com\/index.php\/2023\/05\/15\/rendez-vous\/\"]}]},{\"@type\":\"ImageObject\",\"inLanguage\":\"fr-FR\",\"@id\":\"https:\/\/leclosdelacorniere.com\/index.php\/2023\/05\/15\/rendez-vous\/#primaryimage\",\"url\":\"https:\/\/leclosdelacorniere.com\/wp-content\/uploads\/2023\/05\/rendez-vous-au-jardin-min.jpg\",\"contentUrl\":\"https:\/\/leclosdelacorniere.com\/wp-content\/uploads\/2023\/05\/rendez-vous-au-jardin-min.jpg\",\"width\":575,\"height\":213},{\"@type\":\"BreadcrumbList\",\"@id\":\"https:\/\/leclosdelacorniere.com\/index.php\/2023\/05\/15\/rendez-vous\/#breadcrumb\",\"itemListElement\":[{\"@type\":\"ListItem\",\"position\":1,\"name\":\"Accueil\",\"item\":\"https:\/\/leclosdelacorniere.com\/\"},{\"@type\":\"ListItem\",\"position\":2,\"name\":\"Rendez-vous aux jardins 2023\"}]},{\"@type\":\"WebSite\",\"@id\":\"https:\/\/leclosdelacorniere.com\/#website\",\"url\":\"https:\/\/leclosdelacorniere.com\/\",\"name\":\"leclosdelacorniere.com\",\"description\":\"Jardin priv\u00e9\",\"publisher\":{\"@id\":\"https:\/\/leclosdelacorniere.com\/#organization\"},\"potentialAction\":[{\"@type\":\"SearchAction\",\"target\":{\"@type\":\"EntryPoint\",\"urlTemplate\":\"https:\/\/leclosdelacorniere.com\/?s={search_term_string}\"},\"query-input\":{\"@type\":\"PropertyValueSpecification\",\"valueRequired\":true,\"valueName\":\"search_term_string\"}}],\"inLanguage\":\"fr-FR\"},{\"@type\":\"Organization\",\"@id\":\"https:\/\/leclosdelacorniere.com\/#organization\",\"name\":\"le clos de la corniere\",\"url\":\"https:\/\/leclosdelacorniere.com\/\",\"logo\":{\"@type\":\"ImageObject\",\"inLanguage\":\"fr-FR\",\"@id\":\"https:\/\/leclosdelacorniere.com\/#\/schema\/logo\/image\/\",\"url\":\"https:\/\/leclosdelacorniere.com\/wp-content\/uploads\/2023\/03\/logo-final_couleur-fond-blanc.png\",\"contentUrl\":\"https:\/\/leclosdelacorniere.com\/wp-content\/uploads\/2023\/03\/logo-final_couleur-fond-blanc.png\",\"width\":1406,\"height\":695,\"caption\":\"le clos de la corniere\"},\"image\":{\"@id\":\"https:\/\/leclosdelacorniere.com\/#\/schema\/logo\/image\/\"},\"sameAs\":[\"https:\/\/www.facebook.com\/profile.php?id=100091503150330\",\"https:\/\/www.instagram.com\/leclosdelacorniere\/\",\"https:\/\/www.youtube.com\/channel\/UCKbA_yiUzdWsZDlz3S1FRZA\"]},{\"@type\":\"Person\",\"@id\":\"https:\/\/leclosdelacorniere.com\/#\/schema\/person\/e96df8cd23e22c063493e5901552bc8f\",\"name\":\"Admin\",\"sameAs\":[\"http:\/\/leclosdelacorniere.com\"],\"url\":\"https:\/\/leclosdelacorniere.com\/index.php\/author\/closdelacornieregmail-com\/\"}]}<\/script>\n<!-- \/ Yoast SEO plugin. -->","yoast_head_json":{"title":"Rendez-vous aux jardins 2023 - leclosdelacorniere.com","description":"Cette ann\u00e9e encore, Le Clos de la Corni\u00e8re participe \u00e0 l'\u00e9v\u00e9nement National : Les rendez-vous aux jardins les 2 - 3 - 4 juin 2023","robots":{"index":"index","follow":"follow","max-snippet":"max-snippet:-1","max-image-preview":"max-image-preview:large","max-video-preview":"max-video-preview:-1"},"canonical":"https:\/\/leclosdelacorniere.com\/index.php\/2023\/05\/15\/rendez-vous\/","og_locale":"fr_FR","og_type":"article","og_title":"Rendez-vous aux jardins 2023 - leclosdelacorniere.com","og_description":"Cette ann\u00e9e encore, Le Clos de la Corni\u00e8re participe \u00e0 l'\u00e9v\u00e9nement National : Les rendez-vous aux jardins les 2 - 3 - 4 juin 2023","og_url":"https:\/\/leclosdelacorniere.com\/index.php\/2023\/05\/15\/rendez-vous\/","og_site_name":"leclosdelacorniere.com","article_publisher":"https:\/\/www.facebook.com\/profile.php?id=100091503150330","article_published_time":"2023-05-15T14:47:00+00:00","article_modified_time":"2023-05-23T10:18:54+00:00","og_image":[{"width":575,"height":213,"url":"https:\/\/leclosdelacorniere.com\/wp-content\/uploads\/2023\/05\/rendez-vous-au-jardin-min.jpg","type":"image\/jpeg"}],"author":"Admin","twitter_card":"summary_large_image","twitter_misc":{"\u00c9crit par":"Admin","Dur\u00e9e de lecture estim\u00e9e":"2 minutes"},"schema":{"@context":"https:\/\/schema.org","@graph":[{"@type":"Article","@id":"https:\/\/leclosdelacorniere.com\/index.php\/2023\/05\/15\/rendez-vous\/#article","isPartOf":{"@id":"https:\/\/leclosdelacorniere.com\/index.php\/2023\/05\/15\/rendez-vous\/"},"author":{"name":"Admin","@id":"https:\/\/leclosdelacorniere.com\/#\/schema\/person\/e96df8cd23e22c063493e5901552bc8f"},"headline":"Rendez-vous aux jardins 2023","datePublished":"2023-05-15T14:47:00+00:00","dateModified":"2023-05-23T10:18:54+00:00","mainEntityOfPage":{"@id":"https:\/\/leclosdelacorniere.com\/index.php\/2023\/05\/15\/rendez-vous\/"},"wordCount":188,"publisher":{"@id":"https:\/\/leclosdelacorniere.com\/#organization"},"image":{"@id":"https:\/\/leclosdelacorniere.com\/index.php\/2023\/05\/15\/rendez-vous\/#primaryimage"},"thumbnailUrl":"https:\/\/leclosdelacorniere.com\/wp-content\/uploads\/2023\/05\/rendez-vous-au-jardin-min.jpg","keywords":["\u00e9v\u00e9nement","Rendez-vous aux jardins","week-end"],"articleSection":["\u00c9v\u00e9nement"],"inLanguage":"fr-FR"},{"@type":"WebPage","@id":"https:\/\/leclosdelacorniere.com\/index.php\/2023\/05\/15\/rendez-vous\/","url":"https:\/\/leclosdelacorniere.com\/index.php\/2023\/05\/15\/rendez-vous\/","name":"Rendez-vous aux jardins 2023 - leclosdelacorniere.com","isPartOf":{"@id":"https:\/\/leclosdelacorniere.com\/#website"},"primaryImageOfPage":{"@id":"https:\/\/leclosdelacorniere.com\/index.php\/2023\/05\/15\/rendez-vous\/#primaryimage"},"image":{"@id":"https:\/\/leclosdelacorniere.com\/index.php\/2023\/05\/15\/rendez-vous\/#primaryimage"},"thumbnailUrl":"https:\/\/leclosdelacorniere.com\/wp-content\/uploads\/2023\/05\/rendez-vous-au-jardin-min.jpg","datePublished":"2023-05-15T14:47:00+00:00","dateModified":"2023-05-23T10:18:54+00:00","description":"Cette ann\u00e9e encore, Le Clos de la Corni\u00e8re participe \u00e0 l'\u00e9v\u00e9nement National : Les rendez-vous aux jardins les 2 - 3 - 4 juin 2023","breadcrumb":{"@id":"https:\/\/leclosdelacorniere.com\/index.php\/2023\/05\/15\/rendez-vous\/#breadcrumb"},"inLanguage":"fr-FR","potentialAction":[{"@type":"ReadAction","target":["https:\/\/leclosdelacorniere.com\/index.php\/2023\/05\/15\/rendez-vous\/"]}]},{"@type":"ImageObject","inLanguage":"fr-FR","@id":"https:\/\/leclosdelacorniere.com\/index.php\/2023\/05\/15\/rendez-vous\/#primaryimage","url":"https:\/\/leclosdelacorniere.com\/wp-content\/uploads\/2023\/05\/rendez-vous-au-jardin-min.jpg","contentUrl":"https:\/\/leclosdelacorniere.com\/wp-content\/uploads\/2023\/05\/rendez-vous-au-jardin-min.jpg","width":575,"height":213},{"@type":"BreadcrumbList","@id":"https:\/\/leclosdelacorniere.com\/index.php\/2023\/05\/15\/rendez-vous\/#breadcrumb","itemListElement":[{"@type":"ListItem","position":1,"name":"Accueil","item":"https:\/\/leclosdelacorniere.com\/"},{"@type":"ListItem","position":2,"name":"Rendez-vous aux jardins 2023"}]},{"@type":"WebSite","@id":"https:\/\/leclosdelacorniere.com\/#website","url":"https:\/\/leclosdelacorniere.com\/","name":"leclosdelacorniere.com","description":"Jardin priv\u00e9","publisher":{"@id":"https:\/\/leclosdelacorniere.com\/#organization"},"potentialAction":[{"@type":"SearchAction","target":{"@type":"EntryPoint","urlTemplate":"https:\/\/leclosdelacorniere.com\/?s={search_term_string}"},"query-input":{"@type":"PropertyValueSpecification","valueRequired":true,"valueName":"search_term_string"}}],"inLanguage":"fr-FR"},{"@type":"Organization","@id":"https:\/\/leclosdelacorniere.com\/#organization","name":"le clos de la corniere","url":"https:\/\/leclosdelacorniere.com\/","logo":{"@type":"ImageObject","inLanguage":"fr-FR","@id":"https:\/\/leclosdelacorniere.com\/#\/schema\/logo\/image\/","url":"https:\/\/leclosdelacorniere.com\/wp-content\/uploads\/2023\/03\/logo-final_couleur-fond-blanc.png","contentUrl":"https:\/\/leclosdelacorniere.com\/wp-content\/uploads\/2023\/03\/logo-final_couleur-fond-blanc.png","width":1406,"height":695,"caption":"le clos de la corniere"},"image":{"@id":"https:\/\/leclosdelacorniere.com\/#\/schema\/logo\/image\/"},"sameAs":["https:\/\/www.facebook.com\/profile.php?id=100091503150330","https:\/\/www.instagram.com\/leclosdelacorniere\/","https:\/\/www.youtube.com\/channel\/UCKbA_yiUzdWsZDlz3S1FRZA"]},{"@type":"Person","@id":"https:\/\/leclosdelacorniere.com\/#\/schema\/person\/e96df8cd23e22c063493e5901552bc8f","name":"Admin","sameAs":["http:\/\/leclosdelacorniere.com"],"url":"https:\/\/leclosdelacorniere.com\/index.php\/author\/closdelacornieregmail-com\/"}]}},"_links":{"self":[{"href":"https:\/\/leclosdelacorniere.com\/index.php\/wp-json\/wp\/v2\/posts\/4728","targetHints":{"allow":["GET"]}}],"collection":[{"href":"https:\/\/leclosdelacorniere.com\/index.php\/wp-json\/wp\/v2\/posts"}],"about":[{"href":"https:\/\/leclosdelacorniere.com\/index.php\/wp-json\/wp\/v2\/types\/post"}],"author":[{"embeddable":true,"href":"https:\/\/leclosdelacorniere.com\/index.php\/wp-json\/wp\/v2\/users\/1"}],"replies":[{"embeddable":true,"href":"https:\/\/leclosdelacorniere.com\/index.php\/wp-json\/wp\/v2\/comments?post=4728"}],"version-history":[{"count":54,"href":"https:\/\/leclosdelacorniere.com\/index.php\/wp-json\/wp\/v2\/posts\/4728\/revisions"}],"predecessor-version":[{"id":5247,"href":"https:\/\/leclosdelacorniere.com\/index.php\/wp-json\/wp\/v2\/posts\/4728\/revisions\/5247"}],"wp:featuredmedia":[{"embeddable":true,"href":"https:\/\/leclosdelacorniere.com\/index.php\/wp-json\/wp\/v2\/media\/5160"}],"wp:attachment":[{"href":"https:\/\/leclosdelacorniere.com\/index.php\/wp-json\/wp\/v2\/media?parent=4728"}],"wp:term":[{"taxonomy":"category","embeddable":true,"href":"https:\/\/leclosdelacorniere.com\/index.php\/wp-json\/wp\/v2\/categories?post=4728"},{"taxonomy":"post_tag","embeddable":true,"href":"https:\/\/leclosdelacorniere.com\/index.php\/wp-json\/wp\/v2\/tags?post=4728"}],"curies":[{"name":"wp","href":"https:\/\/api.w.org\/{rel}","templated":true}]}}